{"id":3529,"date":"2025-12-24T08:22:11","date_gmt":"2025-12-24T06:22:11","guid":{"rendered":"https:\/\/cecart.ro\/scoala-de-arte\/?p=3529"},"modified":"2025-12-24T08:34:20","modified_gmt":"2025-12-24T06:34:20","slug":"inscrieri-in-sesiunea-a-ii-a-la-scoala-de-arte-8-25-ianuarie-2026","status":"publish","type":"post","link":"https:\/\/cecart.ro\/scoala-de-arte\/inscrieri-in-sesiunea-a-ii-a-la-scoala-de-arte-8-25-ianuarie-2026\/","title":{"rendered":"\u00censcrieri \u00een Sesiunea a II-a la \u0218coala de Arte, 8 &#8211; 25 ianuarie 2026"},"content":{"rendered":"\n<p style=\"padding-top:0;padding-bottom:0\">\u0218coala de Arte Timi\u0219oara anun\u021b\u0103 startul \u00eenscrierilor pentru cea de a doua sesiune a anului \u0219colar 2025-2026. V\u0103 a\u0219tept\u0103m \u00een perioada <strong>08 ianuarie-25 ianuarie 2026<\/strong> s\u0103 v\u0103 \u00eenscrie\u021bi la una din specializ\u0103rile disponibile:<\/p>\n\n\n\n<ul class=\"wp-block-list\">\n<li>Canto muzic\u0103 popular\u0103 : 9 locuri disponibile<\/li>\n\n\n\n<li>Canto muzic\u0103 u\u0219oar\u0103 : 11 locuri disponibile<\/li>\n\n\n\n<li>Acordeon\/ armonic\u0103 s\u00e2rbeasc\u0103 : 5 locuri disponibile<\/li>\n\n\n\n<li>Saxofon\/ Taragot\/ Clarinet : 4 locuri disponibile<\/li>\n\n\n\n<li>Chitar\u0103 : 10 locuri disponibile<\/li>\n\n\n\n<li>Pian : 5 locuri disponibile<\/li>\n\n\n\n<li>Org\u0103 electronic\u0103 : 4 locuri disponibile<\/li>\n\n\n\n<li>Pictur\u0103\/ Grafic\u0103 pentru copii : 5 locuri disponibile<\/li>\n\n\n\n<li>Pictur\u0103\/ Art\u0103 decorativ\u0103\/ Iconografie, pentru adul\u021bi : locuri nelimitate<\/li>\n\n\n\n<li>Art\u0103 decorativ\u0103 \u0219i design\/ Pictur\u0103\/ Cusut tradi\u021bional : 2 locuri disponibile<\/li>\n\n\n\n<li>Art\u0103 fotografic\u0103 \u0219i introducere \u00een cinematografie: locuri nelimitate<\/li>\n\n\n\n<li>Sculptur\u0103 \/ Me\u0219te\u0219ugari (ol\u0103rit, cioplitori \u00een lemn, piatr\u0103, ghips, art\u0103 decorativ\u0103) : locuri nelimitate<\/li>\n\n\n\n<li>Instructori\/ Interpre\u021bi dansuri populare : locuri nelimitate<\/li>\n\n\n\n<li>Balet\/ Dans pentru copii: locuri nelimitate<\/li>\n<\/ul>\n\n\n\n<p><strong>(La specializ\u0103rile <em>muzic\u0103 religioas\u0103\/cantori biserice\u0219ti<\/em> \u0219i <em>vioar\u0103<\/em> NU sunt locuri disponibile!!)<\/strong><\/p>\n\n\n\n<p style=\"padding-top:0;padding-bottom:0\">Examenele de admitere vor avea loc \u00een data de 27 ianuarie 2026, iar afi\u0219area rezultatelor se va face \u00een data de 30 ianuarie 2026. Cursurile pentru candida\u021bii admi\u0219i vor \u00eencepe din data de 02 februarie 2026.<\/p>\n\n\n\n<div class=\"wp-block-group highlight\"><div class=\"wp-block-group__inner-container is-layout-constrained wp-block-group-is-layout-constrained\">\n<ul class=\"wp-block-list\">\n<li class=\"is-pdf-icon\"><strong><a href=\"https:\/\/cecart.ro\/scoala-de-arte\/wp-content\/uploads\/2025\/12\/Metodologie-sesiunea-a-II-a.pdf\" data-type=\"link\" data-id=\"https:\/\/cecart.ro\/scoala-de-arte\/wp-content\/uploads\/2025\/12\/Metodologie-sesiunea-a-II-a.pdf\" target=\"_blank\" rel=\"noreferrer noopener\">Metodologie Sesiunea a II-a<\/a><\/strong><\/li>\n\n\n\n<li class=\"is-pdf-icon\"><strong><a href=\"https:\/\/cecart.ro\/scoala-de-arte\/wp-content\/uploads\/2025\/12\/Reglementari-privind-taxele-de-scolarizare.docx\" data-type=\"link\" data-id=\"https:\/\/cecart.ro\/scoala-de-arte\/wp-content\/uploads\/2025\/12\/Reglementari-privind-taxele-de-scolarizare.docx\" target=\"_blank\" rel=\"noreferrer noopener\">Reglement\u0103ri privind taxele de scolarizare<\/a><\/strong><\/li>\n\n\n\n<li class=\"is-pdf-icon\"><strong><a href=\"https:\/\/cecart.ro\/scoala-de-arte\/wp-content\/uploads\/2025\/12\/Structura-an-scolar-2025-2026.pdf\" data-type=\"link\" data-id=\"https:\/\/cecart.ro\/scoala-de-arte\/wp-content\/uploads\/2025\/12\/Structura-an-scolar-2025-2026.pdf\" target=\"_blank\" rel=\"noreferrer noopener\">Structura anului \u0219colar 2025 &#8211; 2026 (Sesiunea a II-a)<\/a><\/strong><\/li>\n<\/ul>\n<\/div><\/div>\n","protected":false},"excerpt":{"rendered":"<p>\u0218coala de Arte Timi\u0219oara anun\u021b\u0103 startul \u00eenscrierilor pentru cea de a doua sesiune a anului \u0219colar 2025-2026. V\u0103 a\u0219tept\u0103m \u00een perioada 08 ianuarie-25 ianuarie 2026 s\u0103 v\u0103 \u00eenscrie\u021bi la una din specializ\u0103rile disponibile: (La specializ\u0103rile muzic\u0103 religioas\u0103\/cantori biserice\u0219ti \u0219i vioar\u0103 NU sunt locuri disponibile!!) Examenele de admitere vor avea loc \u00een data de 27 ianuarie [&hellip;]<\/p>\n","protected":false},"author":1,"featured_media":1288,"comment_status":"closed","ping_status":"","sticky":false,"template":"","format":"standard","meta":{"footnotes":""},"categories":[9],"tags":[],"class_list":["post-3529","post","type-post","status-publish","format-standard","has-post-thumbnail","hentry","category-anunturi"],"_links":{"self":[{"href":"https:\/\/cecart.ro\/scoala-de-arte\/wp-json\/wp\/v2\/posts\/3529","targetHints":{"allow":["GET"]}}],"collection":[{"href":"https:\/\/cecart.ro\/scoala-de-arte\/wp-json\/wp\/v2\/posts"}],"about":[{"href":"https:\/\/cecart.ro\/scoala-de-arte\/wp-json\/wp\/v2\/types\/post"}],"author":[{"embeddable":true,"href":"https:\/\/cecart.ro\/scoala-de-arte\/wp-json\/wp\/v2\/users\/1"}],"replies":[{"embeddable":true,"href":"https:\/\/cecart.ro\/scoala-de-arte\/wp-json\/wp\/v2\/comments?post=3529"}],"version-history":[{"count":8,"href":"https:\/\/cecart.ro\/scoala-de-arte\/wp-json\/wp\/v2\/posts\/3529\/revisions"}],"predecessor-version":[{"id":3549,"href":"https:\/\/cecart.ro\/scoala-de-arte\/wp-json\/wp\/v2\/posts\/3529\/revisions\/3549"}],"wp:featuredmedia":[{"embeddable":true,"href":"https:\/\/cecart.ro\/scoala-de-arte\/wp-json\/wp\/v2\/media\/1288"}],"wp:attachment":[{"href":"https:\/\/cecart.ro\/scoala-de-arte\/wp-json\/wp\/v2\/media?parent=3529"}],"wp:term":[{"taxonomy":"category","embeddable":true,"href":"https:\/\/cecart.ro\/scoala-de-arte\/wp-json\/wp\/v2\/categories?post=3529"},{"taxonomy":"post_tag","embeddable":true,"href":"https:\/\/cecart.ro\/scoala-de-arte\/wp-json\/wp\/v2\/tags?post=3529"}],"curies":[{"name":"wp","href":"https:\/\/api.w.org\/{rel}","templated":true}]}}