{"id":2971,"date":"2025-07-08T09:40:39","date_gmt":"2025-07-08T06:40:39","guid":{"rendered":"https:\/\/cecart.ro\/scoala-de-arte\/?p=2971"},"modified":"2025-07-08T09:40:39","modified_gmt":"2025-07-08T06:40:39","slug":"descopera-ti-talentul-dezvolta-ti-creativitatea-urmeaza-ti-pasiunea","status":"publish","type":"post","link":"https:\/\/cecart.ro\/scoala-de-arte\/descopera-ti-talentul-dezvolta-ti-creativitatea-urmeaza-ti-pasiunea\/","title":{"rendered":"Descoper\u0103-\u021bi talentul, dezvolt\u0103-\u021bi creativitatea, urmeaz\u0103-\u021bi pasiunea!"},"content":{"rendered":"\n<p>\u0218coala de Arte din Timioara organizeaz\u0103 prima sesiune de \u00eenscrieri, \u00een perioada <strong>01 \u2013 21 septembrie 2025<\/strong>, la toate specializ\u0103rile (cursurile) puse la dispozi\u021bia publicului doritor.<\/p>\n\n\n\n<p>Oferta educa\u021bional\u0103 a anului \u0219colar <strong>2025\/2026<\/strong> include urm\u0103toarele specializ\u0103ri:<\/p>\n\n\n\n<ul class=\"wp-block-list\">\n<li>MUZIC\u0102 (canto muzic\u0103 popular\u0103, canto muzic\u0103 clasic\u0103, canto muzic\u0103 u\u0219oar\u0103, muzic\u0103 bisericeasc\u0103\/cantori biserice\u0219ti, vioar\u0103, pian, org\u0103 electronic\u0103, chitar\u0103, saxofon\/taragot\/clarinet, acordeon\/armonic\u0103 s\u00e2rbeasc\u0103)<\/li>\n\n\n\n<li>\u00a0ARTE VIZUALE (pictur\u0103\/grafic\u0103 &#8211; \u00a0pentru copii, pictur\u0103\/art\u0103 decorativ\u0103\/iconografie, design\/pictur\u0103\/art\u0103 decorativ\u0103\/cusut tradi\u021bional, art\u0103 fotografic\u0103 \u0219i introducere \u00een cinematografie, sculptur\u0103)<\/li>\n\n\n\n<li>\u00a0COREGRAFIE (dans modern\/balet pentru copii, instructori\/intarpre\u021bi dansuri populare),<\/li>\n\n\n\n<li>ME\u0218TERI POPULARI (curs me\u0219te\u0219ugari &#8211; ol\u0103rit, cioplit \u00een lemn, ceramic\u0103, art\u0103 decorativ\u0103).<\/li>\n<\/ul>\n\n\n\n<p>Cursurile sunt sus\u021binute de profesori cu experien\u021b\u0103:<\/p>\n\n\n\n<p><strong>MUZIC\u0102:<\/strong><\/p>\n\n\n\n<ul class=\"wp-block-list\">\n<li>canto muzic\u0103 popular\u0103 \u2013 profesori: Carmen Popovici Dumbrav\u0103, Carmen Biruescu, Adrian Stanca \u0219i Raluca Stanca<\/li>\n\n\n\n<li>canto muzic\u0103 u\u0219oar\u0103\/clasic\u0103 \u2013 profesor Vanana Ciolac<\/li>\n\n\n\n<li>muzic\u0103 religioas\u0103\/cantori biserice\u0219ti \u2013 profesor Vasile B\u0103descu<\/li>\n\n\n\n<li>vioar\u0103 \u2013 profesor Edmund Dando\u021bi<\/li>\n\n\n\n<li>chitar\u0103 \u2013 profesor Alexandru Faur<\/li>\n\n\n\n<li>pian \u2013 profesori: Anca Lupu-Asavei, Roxana P\u00eervu, Casiana Nanu \u0219i Roland Ristin<\/li>\n\n\n\n<li>saxofon\/taragot\/clarinet \u2013 profesori: Silviu Dr\u0103gan \u0219i Daniel Iova<\/li>\n\n\n\n<li>acordeon\/armonic\u0103 s\u00e2rbeasc\u0103 \u2013 profesor Boban Constantinovici<\/li>\n\n\n\n<li>org\u0103 electronic\u0103\/acordeon \u2013 profesor Dan Didovici<\/li>\n<\/ul>\n\n\n\n<p><strong>COREGRAFIE:<\/strong><\/p>\n\n\n\n<ul class=\"wp-block-list\">\n<li>dans modern\/balet pentru copii \u2013 profesor Adela Scorobete<\/li>\n\n\n\n<li>instructor\/interpret dansuri populare \u2013 profesor Floarea Munteanu<\/li>\n<\/ul>\n\n\n\n<p><strong>ARTE VIZUALE:<\/strong><\/p>\n\n\n\n<ul class=\"wp-block-list\">\n<li>pictur\u0103\/grafic\u0103 pentru copii \u2013 profesor Liliana Georgiades<\/li>\n\n\n\n<li>pictur\u0103\/art\u0103 decorativ\u0103\/iconografie \u2013 profesor Lucia Stoica<\/li>\n\n\n\n<li>art\u0103 fotografic\u0103\/ introducere \u00een cinematografie \u2013 profesor Constantin Hu\u021banu<\/li>\n\n\n\n<li>design\/pictur\u0103\/art\u0103 decorativ\u0103\/cusut tradi\u021bional \u2013 profesor Gabriela Muscan<\/li>\n\n\n\n<li>sculptur\u0103 (ghips, piatr\u0103, lemn) \u2013 profesor Remus Irimescu<\/li>\n<\/ul>\n\n\n\n<p><strong>ME\u0218TERI POPULARI:<\/strong><\/p>\n\n\n\n<ul class=\"wp-block-list\">\n<li>curs me\u0219te\u0219ugari (cioplitori \u00een lemn, ol\u0103rit, ceramic\u0103, art\u0103 decorativ\u0103) \u2013 profesor Remus Irimescu<\/li>\n<\/ul>\n\n\n\n<p>\u00censcrierile se fac \u00eencep\u00e2nd cu data de <strong>01 septembrie 2025<\/strong>, la sediul institu\u021biei, str. E. Ungureanu, nr. 1 sau online pe site-ul institu\u021biei: <a href=\"https:\/\/cecart.ro\/scoala-de-arte\/\">https:\/\/cecart.ro\/scoala-de-arte\/<\/a><\/p>\n\n\n\n<p>Detalii la telefon: 0766090936 \/ 0256435158<\/p>\n\n\n\n<p>Email: <a href=\"mailto:scoaladearte@cecart.ro\">scoaladearte@cecart.ro<\/a><\/p>\n","protected":false},"excerpt":{"rendered":"<p>\u0218coala de Arte din Timioara organizeaz\u0103 prima sesiune de \u00eenscrieri, \u00een perioada 01 \u2013 21 septembrie 2025, la toate specializ\u0103rile (cursurile) puse la dispozi\u021bia publicului doritor. Oferta educa\u021bional\u0103 a anului \u0219colar 2025\/2026 include urm\u0103toarele specializ\u0103ri: Cursurile sunt sus\u021binute de profesori cu experien\u021b\u0103: MUZIC\u0102: COREGRAFIE: ARTE VIZUALE: ME\u0218TERI POPULARI: \u00censcrierile se fac \u00eencep\u00e2nd cu data de [&hellip;]<\/p>\n","protected":false},"author":1,"featured_media":377,"comment_status":"closed","ping_status":"","sticky":false,"template":"","format":"standard","meta":{"footnotes":""},"categories":[9],"tags":[],"class_list":["post-2971","post","type-post","status-publish","format-standard","has-post-thumbnail","hentry","category-anunturi"],"_links":{"self":[{"href":"https:\/\/cecart.ro\/scoala-de-arte\/wp-json\/wp\/v2\/posts\/2971","targetHints":{"allow":["GET"]}}],"collection":[{"href":"https:\/\/cecart.ro\/scoala-de-arte\/wp-json\/wp\/v2\/posts"}],"about":[{"href":"https:\/\/cecart.ro\/scoala-de-arte\/wp-json\/wp\/v2\/types\/post"}],"author":[{"embeddable":true,"href":"https:\/\/cecart.ro\/scoala-de-arte\/wp-json\/wp\/v2\/users\/1"}],"replies":[{"embeddable":true,"href":"https:\/\/cecart.ro\/scoala-de-arte\/wp-json\/wp\/v2\/comments?post=2971"}],"version-history":[{"count":1,"href":"https:\/\/cecart.ro\/scoala-de-arte\/wp-json\/wp\/v2\/posts\/2971\/revisions"}],"predecessor-version":[{"id":2972,"href":"https:\/\/cecart.ro\/scoala-de-arte\/wp-json\/wp\/v2\/posts\/2971\/revisions\/2972"}],"wp:featuredmedia":[{"embeddable":true,"href":"https:\/\/cecart.ro\/scoala-de-arte\/wp-json\/wp\/v2\/media\/377"}],"wp:attachment":[{"href":"https:\/\/cecart.ro\/scoala-de-arte\/wp-json\/wp\/v2\/media?parent=2971"}],"wp:term":[{"taxonomy":"category","embeddable":true,"href":"https:\/\/cecart.ro\/scoala-de-arte\/wp-json\/wp\/v2\/categories?post=2971"},{"taxonomy":"post_tag","embeddable":true,"href":"https:\/\/cecart.ro\/scoala-de-arte\/wp-json\/wp\/v2\/tags?post=2971"}],"curies":[{"name":"wp","href":"https:\/\/api.w.org\/{rel}","templated":true}]}}