{"id":6780,"date":"2023-11-03T11:41:19","date_gmt":"2023-11-03T09:41:19","guid":{"rendered":"https:\/\/cecart.ro\/finantari\/?p=6780"},"modified":"2023-12-27T09:17:41","modified_gmt":"2023-12-27T07:17:41","slug":"unu-unu-zero-zero-unu-zero-zero-100-de-ani-de-campus-upt","status":"publish","type":"post","link":"https:\/\/cecart.ro\/finantari\/evenimente-2023\/unu-unu-zero-zero-unu-zero-zero-100-de-ani-de-campus-upt\/","title":{"rendered":"unu unu zero zero unu zero zero &#8211; 100 de ani de Campus UPT"},"content":{"rendered":"<p>unu unu zero zero unu zero zero<br \/>\n10.10.23-10.02.24<\/p>\n<p><strong>Vernisaj<\/strong>: 10 noiembrie, 19:00<br \/>\nFacultatea de Mecanic\u0103<br \/>\nMV sci-art center<br \/>\nCantina Archa<\/p>\n<p><strong>Arti\u0219ti<\/strong>: Dona Arnakis, Claudiu Cobilanschi, Cosmin Haia\u0219, Ana Kun &amp; Noemi Hugel, Maria Mandea, George Ro\u0219u, Mihai Toth<br \/>\n<strong>Contribu\u021bii importante:<\/strong> Radu Radoslav, Peter Jecza, Mimo Obradov<br \/>\n<strong>Curator<\/strong>: Mirela Stoeac-Vl\u0103du\u021bi<\/p>\n<p>100 de ani de Campus UPT (unu unu zero zero unu zero zero \u2013 \u00een cod binar) reprezint\u0103 nu doar un secol de excelen\u021b\u0103 academic\u0103, ci \u0219i un moment al schimb\u0103rii de paradigm\u0103, de transformare \u0219i adaptare la era digital\u0103. Suntem martorii evolu\u021biei unei institu\u021bii care a \u021besut, \u00een mod complex, principiile de \u201cspa\u021biu\u201d \u0219i \u201cloc\u201d, ziduri \u0219i oameni, educa\u021bie \u0219i comunitate. Expozi\u021bia \u0219i-a propus s\u0103 sondeze rela\u021bia simbiotic\u0103 dintre oameni \u0219i mediul universitar, dintre diversele structuri rizomiale care dau particularitate campusului \u0219i s\u0103 exploreze posibilitatea unor zone de intersec\u021bie, a negocierii unor structuri spa\u021bio-temporale, ce se sustrag unei interpet\u0103ri uniperspectivale.<\/p>\n<p>unu unu zero zero unu zero zero reflect\u0103 la istoria campusului Universit\u0103\u021bii Politehnica Timi\u0219oara, pun\u00e2nd \u00een lumin\u0103 diverse momente, la modul \u00een care patrimoniul construit influen\u021beaz\u0103 natura comunit\u0103\u021bii \u0219i culturii sale. Arti\u0219tii participan\u021bi \u2013 unii dintre ei, fo\u0219ti absolven\u021bi ai UPT \u2013 ofer\u0103, prin intermediul lucr\u0103rilor realizate pentru expozi\u021bie, noi moduri de percep\u021bie a spa\u021biilor, de interac\u021biune cu acestea \u0219i de transformare a lor \u00een \u201clocuri\u201d cu sens, \u00eenc\u0103rcate cu valori simbolice \u0219i cu rezonan\u021b\u0103 cultural\u0103.<\/p>\n<p>Expozi\u021bia se \u00eemparte \u00een trei spa\u021bii: holul principal al Facult\u0103\u021bii de Mecanic\u0103 (prima cl\u0103dire din ansamblul proiectat de arh. Duilui Marcu, \u00een 1923), c\u0103minul 1 MV \u0219i cantina. Dincolo de aspectul tehnocratic al mediului construit, pe care ne focus\u0103m, deseori, atunci c\u00e2nd ne g\u00e2ndim la universitate, se desf\u0103\u0219oar\u0103 un areal eterogen de microexisten\u021be, de fire aproape invizibile, efemere, un ecosistem intelectual complex \u2013 capitalul uman.<\/p>\n<p>Proiectul face parte din Programul cultural na\u021bional Timi\u0219oara &#8211; Capital\u0103 European\u0103 a Culturii \u00een anul 2023 \u0219i este finan\u021bat prin programul OverBorder Culture+, derulat de Centrul de Cultur\u0103 \u0219i Art\u0103 al Jude\u021bului Timi\u0219, cu sume alocate de la bugetul de stat, prin bugetul Ministerului Culturii.<\/p>\n<p>Evenimentul face parte din programul Sci-art your life! parte din Programul cultural na\u021bional \u201eTimi\u0219oara &#8211; Capital\u0103 European\u0103 a Culturii \u00een anul 2023&#8243; \u0219i este finan\u021bat prin programul Grow Timi\u0219oara 2023, Centrul de Proiecte Timi\u0219oara, cu sume alocate de la bugetul de stat, prin buget de la Ministerul Culturii.<\/p>\n<p>Program co-finan\u021bat de AFCN. Proiectul nu reprezint\u0103 \u00een mod necesar pozi\u021bia Administra\u021biei Fondului Cultural Na\u021bional. AFCN nu este responsabil\u0103 de con\u021binutul proiectului sau de modul \u00een care rezultatele proiectului pot fi folosite. Acestea sunt \u00een \u00eentregime responsabilitatea beneficiarului finan\u021b\u0103rii.<\/p>\n<p>UPT Campus Creativ este un proiect ini\u021biat de Universitatea Politehnica Timi\u0219oara \u0219i Liga AC.<\/p>\n<p>Parte din Programul cultural na\u021bional \u201eTimi\u0219oara \u2013 Capital\u0103 European\u0103 a Culturii \u00een anul 2023&#8243;, Timi\u0219oara 2023, finan\u021bat prin programul Grow Timi\u0219oara 2023, derulat de Centrul de Proiecte Timi\u0219oara, cu sume alocate de la bugetul de stat, prin bugetul Ministerului Culturii. <\/p>\n","protected":false},"excerpt":{"rendered":"<p>unu unu zero zero unu zero zero 10.10.23-10.02.24 Vernisaj: 10 noiembrie, 19:00 Facultatea de Mecanic\u0103 MV sci-art center Cantina Archa Arti\u0219ti: Dona Arnakis, Claudiu Cobilanschi, Cosmin Haia\u0219, Ana Kun &amp; Noemi Hugel, Maria Mandea, George Ro\u0219u, Mihai Toth Contribu\u021bii importante: Radu Radoslav, Peter Jecza, Mimo Obradov Curator: Mirela Stoeac-Vl\u0103du\u021bi 100 de ani de Campus UPT [&hellip;]<\/p>\n","protected":false},"author":1,"featured_media":6781,"comment_status":"closed","ping_status":"closed","sticky":false,"template":"","format":"standard","meta":{"_acf_changed":false,"footnotes":""},"categories":[3],"tags":[4],"class_list":["post-6780","post","type-post","status-publish","format-standard","has-post-thumbnail","hentry","category-evenimente-2023","tag-past"],"acf":[],"_links":{"self":[{"href":"https:\/\/cecart.ro\/finantari\/wp-json\/wp\/v2\/posts\/6780","targetHints":{"allow":["GET"]}}],"collection":[{"href":"https:\/\/cecart.ro\/finantari\/wp-json\/wp\/v2\/posts"}],"about":[{"href":"https:\/\/cecart.ro\/finantari\/wp-json\/wp\/v2\/types\/post"}],"author":[{"embeddable":true,"href":"https:\/\/cecart.ro\/finantari\/wp-json\/wp\/v2\/users\/1"}],"replies":[{"embeddable":true,"href":"https:\/\/cecart.ro\/finantari\/wp-json\/wp\/v2\/comments?post=6780"}],"version-history":[{"count":2,"href":"https:\/\/cecart.ro\/finantari\/wp-json\/wp\/v2\/posts\/6780\/revisions"}],"predecessor-version":[{"id":6783,"href":"https:\/\/cecart.ro\/finantari\/wp-json\/wp\/v2\/posts\/6780\/revisions\/6783"}],"wp:featuredmedia":[{"embeddable":true,"href":"https:\/\/cecart.ro\/finantari\/wp-json\/wp\/v2\/media\/6781"}],"wp:attachment":[{"href":"https:\/\/cecart.ro\/finantari\/wp-json\/wp\/v2\/media?parent=6780"}],"wp:term":[{"taxonomy":"category","embeddable":true,"href":"https:\/\/cecart.ro\/finantari\/wp-json\/wp\/v2\/categories?post=6780"},{"taxonomy":"post_tag","embeddable":true,"href":"https:\/\/cecart.ro\/finantari\/wp-json\/wp\/v2\/tags?post=6780"}],"curies":[{"name":"wp","href":"https:\/\/api.w.org\/{rel}","templated":true}]}}